{"id":3894,"date":"2026-03-06T14:15:31","date_gmt":"2026-03-06T14:15:31","guid":{"rendered":"https:\/\/unicare.pt\/?p=3894"},"modified":"2026-03-06T14:16:24","modified_gmt":"2026-03-06T14:16:24","slug":"fomo-como-afeta-a-sua-saude-mental","status":"publish","type":"post","link":"https:\/\/unicare.pt\/index.php\/2026\/03\/06\/fomo-como-afeta-a-sua-saude-mental\/","title":{"rendered":"FOMO: O que \u00e9 e como afeta a sua sa\u00fade mental?"},"content":{"rendered":"\t\t<div data-elementor-type=\"wp-post\" data-elementor-id=\"3894\" class=\"elementor elementor-3894\">\n\t\t\t\t\t\t\t\t\t<section class=\"elementor-section elementor-top-section elementor-element elementor-element-6db449d elementor-section-full_width elementor-section-height-default elementor-section-height-default\" data-id=\"6db449d\" data-element_type=\"section\">\n\t\t\t\t\t\t<div class=\"elementor-container elementor-column-gap-default\">\n\t\t\t\t\t<div class=\"elementor-column elementor-col-100 elementor-top-column elementor-element elementor-element-3a6ff96\" data-id=\"3a6ff96\" data-element_type=\"column\">\n\t\t\t<div class=\"elementor-widget-wrap elementor-element-populated\">\n\t\t\t\t\t\t\t\t<div class=\"elementor-element elementor-element-5c2dfb1 elementor-widget elementor-widget-image\" data-id=\"5c2dfb1\" data-element_type=\"widget\" data-widget_type=\"image.default\">\n\t\t\t\t<div class=\"elementor-widget-container\">\n\t\t\t<style>\/*! elementor - v3.14.0 - 26-06-2023 *\/\n.elementor-widget-image{text-align:center}.elementor-widget-image a{display:inline-block}.elementor-widget-image a img[src$=\".svg\"]{width:48px}.elementor-widget-image img{vertical-align:middle;display:inline-block}<\/style>\t\t\t\t\t\t\t\t\t\t\t\t<img loading=\"lazy\" decoding=\"async\" width=\"1920\" height=\"1280\" src=\"https:\/\/unicare.pt\/wp-content\/uploads\/2026\/03\/vecteezy_man-using-laptop-to-work-about-live-chat-and-social-media_15192456.jpg\" class=\"attachment-full size-full wp-image-3893\" alt=\"\" srcset=\"https:\/\/unicare.pt\/wp-content\/uploads\/2026\/03\/vecteezy_man-using-laptop-to-work-about-live-chat-and-social-media_15192456.jpg 1920w, https:\/\/unicare.pt\/wp-content\/uploads\/2026\/03\/vecteezy_man-using-laptop-to-work-about-live-chat-and-social-media_15192456-300x200.jpg 300w, https:\/\/unicare.pt\/wp-content\/uploads\/2026\/03\/vecteezy_man-using-laptop-to-work-about-live-chat-and-social-media_15192456-1024x683.jpg 1024w, https:\/\/unicare.pt\/wp-content\/uploads\/2026\/03\/vecteezy_man-using-laptop-to-work-about-live-chat-and-social-media_15192456-768x512.jpg 768w, https:\/\/unicare.pt\/wp-content\/uploads\/2026\/03\/vecteezy_man-using-laptop-to-work-about-live-chat-and-social-media_15192456-1536x1024.jpg 1536w, https:\/\/unicare.pt\/wp-content\/uploads\/2026\/03\/vecteezy_man-using-laptop-to-work-about-live-chat-and-social-media_15192456-650x433.jpg 650w\" sizes=\"auto, (max-width: 1920px) 100vw, 1920px\" \/>\t\t\t\t\t\t\t\t\t\t\t\t\t\t\t<\/div>\n\t\t\t\t<\/div>\n\t\t\t\t<div class=\"elementor-element elementor-element-25281e4 elementor-widget elementor-widget-text-editor\" data-id=\"25281e4\" data-element_type=\"widget\" data-widget_type=\"text-editor.default\">\n\t\t\t\t<div class=\"elementor-widget-container\">\n\t\t\t<style>\/*! elementor - v3.14.0 - 26-06-2023 *\/\n.elementor-widget-text-editor.elementor-drop-cap-view-stacked .elementor-drop-cap{background-color:#69727d;color:#fff}.elementor-widget-text-editor.elementor-drop-cap-view-framed .elementor-drop-cap{color:#69727d;border:3px solid;background-color:transparent}.elementor-widget-text-editor:not(.elementor-drop-cap-view-default) .elementor-drop-cap{margin-top:8px}.elementor-widget-text-editor:not(.elementor-drop-cap-view-default) .elementor-drop-cap-letter{width:1em;height:1em}.elementor-widget-text-editor .elementor-drop-cap{float:left;text-align:center;line-height:1;font-size:50px}.elementor-widget-text-editor .elementor-drop-cap-letter{display:inline-block}<\/style>\t\t\t\t<p>O termo FOMO, cada vez mais presente sobretudo entre jovens e utilizadores ass\u00edduos das redes sociais, \u00e9 uma sigla para Fear Of Missing Out \u2014 que em portugu\u00eas significa \u201cmedo de ficar de fora\u201d ou \u201cmedo de perder algo\u201d.<\/p><p>\u00a0<\/p><p>O FOMO descreve um sentimento de desconforto, inquieta\u00e7\u00e3o ou ansiedade provocado pela perce\u00e7\u00e3o de que as outras pessoas est\u00e3o a viver experi\u00eancias mais interessantes, felizes ou gratificantes do que n\u00f3s. Est\u00e1 profundamente ligado \u00e0 necessidade humana de perten\u00e7a, valida\u00e7\u00e3o e integra\u00e7\u00e3o social \u2014 necessidades humanas que podem tornar-se fonte de sofrimento quando amplificadas pelo mundo digital.<\/p><p>\u00a0<\/p><p>O fen\u00f3meno FOMO pode ser compreendido atrav\u00e9s de duas dimens\u00f5es: (1) dimens\u00e3o emocional caraterizada pela ansiedade, inquieta\u00e7\u00e3o ou frustra\u00e7\u00e3o ao sentir que os outros est\u00e3o a viver experi\u00eancias mais positivas ou significativas e (2) dimens\u00e3o comportamental que se refere \u00e0 necessidade constante de estar ligado \u00e0s redes sociais como forma de aliviar essa ansiedade \u2014 atrav\u00e9s da verifica\u00e7\u00e3o repetida de notifica\u00e7\u00f5es, publica\u00e7\u00f5es ou mensagens.<\/p><p>\u00a0<\/p><p>O FOMO pode apresentar-se de diferentes formas no dia-a-dia:<\/p><p>\u2022 Verifica\u00e7\u00e3o constante do telem\u00f3vel: impulso incontrol\u00e1vel de consultar as redes sociais ou notifica\u00e7\u00f5es;<br \/>\u2022 Dificuldade em desligar do mundo digital: estar permanentemente online mesmo aquando da presen\u00e7a f\u00edsica de familiares e amigos;<br \/>\u2022 Compara\u00e7\u00e3o social frequente: compara\u00e7\u00f5es sociais negativas, tais como \u201cos outros t\u00eam uma vida mais din\u00e2mica e bem-sucedida\u201d, \u201cn\u00e3o sou suficientemente bom\u201d, \u201cn\u00e3o consigo aproveitar o momento\u201d;<br \/>\u2022 Insatisfa\u00e7\u00e3o com o presente: a exposi\u00e7\u00e3o cont\u00ednua a realidades editadas e idealizadas pode aumentar o sentimento de frustra\u00e7\u00e3o com a pr\u00f3pria vida;<br \/>\u2022 Dificuldade em dizer \u201cn\u00e3o\u201d: o receio de perder experi\u00eancias pode levar a pessoa aceitar mais compromissos do que na realidade consegue dar resposta, o que culmina em estados de sobrecarga e exaust\u00e3o.<\/p><p><br \/>Em suma, o fen\u00f3meno FOMO cria uma sensa\u00e7\u00e3o constante de urg\u00eancia \u2014 a necessidade de estar sempre presente, atualizado e dispon\u00edvel para tudo.<\/p><h4><br \/>O impacto do FOMO na sa\u00fade mental.<\/h4><p>Quando persistente, o FOMO pode ter consequ\u00eancias significativas na sa\u00fade mental.<\/p><p>A utiliza\u00e7\u00e3o excessiva de dispositivos eletr\u00f3nicos associada ao FOMO pode aumentar a vulnerabilidade para perturba\u00e7\u00f5es de ansiedade, sintomas depressivos, baixa autoestima, problemas de regula\u00e7\u00e3o emocional, altera\u00e7\u00f5es do sono, problemas de aten\u00e7\u00e3o e concentra\u00e7\u00e3o.<\/p><h4><br \/>Estrat\u00e9gias para reduzir o FOMO<\/h4><p>Embora seja um fen\u00f3meno comum na sociedade atual, \u00e9 poss\u00edvel desenvolver uma rela\u00e7\u00e3o mais saud\u00e1vel com o mundo digital. Algumas estrat\u00e9gias incluem:<\/p><h5><br \/>\u2714 Estabelecer limites claros no uso do telem\u00f3vel<\/h5><p>Definir hor\u00e1rios espec\u00edficos para utiliza\u00e7\u00e3o das redes sociais e evitar a sua utiliza\u00e7\u00e3o antes de dormir ou logo ao acordar.<\/p><h5><br \/>\u2714 Promover um uso consciente das redes sociais<\/h5><p>Questionar o impacto emocional de determinados conte\u00fados e selecionar de forma mais criteriosa as p\u00e1ginas e perfis seguidos.<\/p><h5><br \/>\u2714 Cultivar o contacto com o momento presente<\/h5><p>Pr\u00e1ticas como mindfulness, medita\u00e7\u00e3o e\/ou exerc\u00edcio f\u00edsico podem contribuir para reduzir a compara\u00e7\u00e3o social e a auto-critica destrutiva.<\/p><h5><br \/>\u2714 Definir prioridades pessoais<\/h5><p>Clarificar valores e objetivos permite tomadas de decis\u00e3o mais alinhadas com o que \u00e9 realmente importante, reduzindo a necessidade de valida\u00e7\u00e3o externa.<\/p><h5><br \/>\u2714 Aprender a tolerar a frustra\u00e7\u00e3o<\/h5><p>Aceitar que n\u00e3o \u00e9 poss\u00edvel estar presente em todas as experi\u00eancias.<\/p><p>\u00a0<\/p><h4>Quando procurar ajuda?<\/h4><p>Se sentes que a tua ansiedade associada ao uso das redes sociais est\u00e1 a interferir com o teu bem-estar, rela\u00e7\u00f5es e\/ou desempenho profissional\/acad\u00e9mico, pode ser \u00fatil procurar apoio especializado.<\/p><p>A interven\u00e7\u00e3o psicol\u00f3gica pode ajudar-te a trabalhar padr\u00f5es de compara\u00e7\u00e3o social auto-destrutivos, regular a auto-critica, promover a autoestima e auto-confian\u00e7a, desenvolver e\/ou melhorar estrat\u00e9gias de regula\u00e7\u00e3o emocional e promover h\u00e1bitos digitais mais saud\u00e1veis.<\/p><p><br \/>A equipa da Psiquiatria Positiva pode ajudar-te.<\/p>\t\t\t\t\t\t<\/div>\n\t\t\t\t<\/div>\n\t\t\t\t\t<\/div>\n\t\t<\/div>\n\t\t\t\t\t\t\t<\/div>\n\t\t<\/section>\n\t\t\t\t\t\t\t<\/div>\n\t\t","protected":false},"excerpt":{"rendered":"<p>A forma como iniciamos e constru\u00edmos rela\u00e7\u00f5es afetivas  (&#8230;)<\/p>\n","protected":false},"author":1,"featured_media":3893,"comment_status":"closed","ping_status":"closed","sticky":false,"template":"","format":"standard","meta":{"footnotes":""},"categories":[8],"tags":[],"class_list":["post-3894","post","type-post","status-publish","format-standard","has-post-thumbnail","hentry","category-clinica-unicare"],"yoast_head":"<!-- This site is optimized with the Yoast SEO plugin v21.3 - https:\/\/yoast.com\/wordpress\/plugins\/seo\/ -->\n<title>FOMO: O que \u00e9 e como afeta a sua sa\u00fade mental? - Unicare<\/title>\n<meta name=\"description\" content=\"O termo FOMO, cada vez mais presente sobretudo entre jovens e utilizadores ass\u00edduos das redes sociais, \u00e9 uma sigla para Fear Of Missing Out\u2026\" \/>\n<meta name=\"robots\" content=\"index, follow, max-snippet:-1, max-image-preview:large, max-video-preview:-1\" \/>\n<link rel=\"canonical\" href=\"https:\/\/unicare.pt\/index.php\/2026\/03\/06\/fomo-como-afeta-a-sua-saude-mental\/\" \/>\n<meta property=\"og:locale\" content=\"pt_PT\" \/>\n<meta property=\"og:type\" content=\"article\" \/>\n<meta property=\"og:title\" content=\"FOMO: O que \u00e9 e como afeta a sua sa\u00fade mental? - Unicare\" \/>\n<meta property=\"og:description\" content=\"O termo FOMO, cada vez mais presente sobretudo entre jovens e utilizadores ass\u00edduos das redes sociais, \u00e9 uma sigla para Fear Of Missing Out\u2026\" \/>\n<meta property=\"og:url\" content=\"https:\/\/unicare.pt\/index.php\/2026\/03\/06\/fomo-como-afeta-a-sua-saude-mental\/\" \/>\n<meta property=\"og:site_name\" content=\"Unicare\" \/>\n<meta property=\"article:published_time\" content=\"2026-03-06T14:15:31+00:00\" \/>\n<meta property=\"article:modified_time\" content=\"2026-03-06T14:16:24+00:00\" \/>\n<meta property=\"og:image\" content=\"https:\/\/unicare.pt\/wp-content\/uploads\/2026\/03\/vecteezy_man-using-laptop-to-work-about-live-chat-and-social-media_15192456.jpg\" \/>\n\t<meta property=\"og:image:width\" content=\"1920\" \/>\n\t<meta property=\"og:image:height\" content=\"1280\" \/>\n\t<meta property=\"og:image:type\" content=\"image\/jpeg\" \/>\n<meta name=\"author\" content=\"admin\" \/>\n<meta name=\"twitter:card\" content=\"summary_large_image\" \/>\n<meta name=\"twitter:label1\" content=\"Escrito por\" \/>\n\t<meta name=\"twitter:data1\" content=\"admin\" \/>\n\t<meta name=\"twitter:label2\" content=\"Tempo estimado de leitura\" \/>\n\t<meta name=\"twitter:data2\" content=\"5 minutos\" \/>\n<script type=\"application\/ld+json\" class=\"yoast-schema-graph\">{\"@context\":\"https:\/\/schema.org\",\"@graph\":[{\"@type\":\"WebPage\",\"@id\":\"https:\/\/unicare.pt\/index.php\/2026\/03\/06\/fomo-como-afeta-a-sua-saude-mental\/\",\"url\":\"https:\/\/unicare.pt\/index.php\/2026\/03\/06\/fomo-como-afeta-a-sua-saude-mental\/\",\"name\":\"FOMO: O que \u00e9 e como afeta a sua sa\u00fade mental? - Unicare\",\"isPartOf\":{\"@id\":\"https:\/\/unicare.pt\/#website\"},\"datePublished\":\"2026-03-06T14:15:31+00:00\",\"dateModified\":\"2026-03-06T14:16:24+00:00\",\"author\":{\"@id\":\"https:\/\/unicare.pt\/#\/schema\/person\/a866cf9aad908b0e4071f7e4ef17a145\"},\"description\":\"O termo FOMO, cada vez mais presente sobretudo entre jovens e utilizadores ass\u00edduos das redes sociais, \u00e9 uma sigla para Fear Of Missing Out\u2026\",\"breadcrumb\":{\"@id\":\"https:\/\/unicare.pt\/index.php\/2026\/03\/06\/fomo-como-afeta-a-sua-saude-mental\/#breadcrumb\"},\"inLanguage\":\"pt-PT\",\"potentialAction\":[{\"@type\":\"ReadAction\",\"target\":[\"https:\/\/unicare.pt\/index.php\/2026\/03\/06\/fomo-como-afeta-a-sua-saude-mental\/\"]}]},{\"@type\":\"BreadcrumbList\",\"@id\":\"https:\/\/unicare.pt\/index.php\/2026\/03\/06\/fomo-como-afeta-a-sua-saude-mental\/#breadcrumb\",\"itemListElement\":[{\"@type\":\"ListItem\",\"position\":1,\"name\":\"In\u00edcio\",\"item\":\"https:\/\/unicare.pt\/\"},{\"@type\":\"ListItem\",\"position\":2,\"name\":\"FOMO: O que \u00e9 e como afeta a sua sa\u00fade mental?\"}]},{\"@type\":\"WebSite\",\"@id\":\"https:\/\/unicare.pt\/#website\",\"url\":\"https:\/\/unicare.pt\/\",\"name\":\"Unicare\",\"description\":\"\",\"potentialAction\":[{\"@type\":\"SearchAction\",\"target\":{\"@type\":\"EntryPoint\",\"urlTemplate\":\"https:\/\/unicare.pt\/?s={search_term_string}\"},\"query-input\":\"required name=search_term_string\"}],\"inLanguage\":\"pt-PT\"},{\"@type\":\"Person\",\"@id\":\"https:\/\/unicare.pt\/#\/schema\/person\/a866cf9aad908b0e4071f7e4ef17a145\",\"name\":\"admin\",\"sameAs\":[\"https:\/\/novosite.unicare.pt\"],\"url\":\"https:\/\/unicare.pt\/index.php\/author\/admin_o2jpvnld\/\"}]}<\/script>\n<!-- \/ Yoast SEO plugin. -->","yoast_head_json":{"title":"FOMO: O que \u00e9 e como afeta a sua sa\u00fade mental? - Unicare","description":"O termo FOMO, cada vez mais presente sobretudo entre jovens e utilizadores ass\u00edduos das redes sociais, \u00e9 uma sigla para Fear Of Missing Out\u2026","robots":{"index":"index","follow":"follow","max-snippet":"max-snippet:-1","max-image-preview":"max-image-preview:large","max-video-preview":"max-video-preview:-1"},"canonical":"https:\/\/unicare.pt\/index.php\/2026\/03\/06\/fomo-como-afeta-a-sua-saude-mental\/","og_locale":"pt_PT","og_type":"article","og_title":"FOMO: O que \u00e9 e como afeta a sua sa\u00fade mental? - Unicare","og_description":"O termo FOMO, cada vez mais presente sobretudo entre jovens e utilizadores ass\u00edduos das redes sociais, \u00e9 uma sigla para Fear Of Missing Out\u2026","og_url":"https:\/\/unicare.pt\/index.php\/2026\/03\/06\/fomo-como-afeta-a-sua-saude-mental\/","og_site_name":"Unicare","article_published_time":"2026-03-06T14:15:31+00:00","article_modified_time":"2026-03-06T14:16:24+00:00","og_image":[{"width":1920,"height":1280,"url":"https:\/\/unicare.pt\/wp-content\/uploads\/2026\/03\/vecteezy_man-using-laptop-to-work-about-live-chat-and-social-media_15192456.jpg","type":"image\/jpeg"}],"author":"admin","twitter_card":"summary_large_image","twitter_misc":{"Escrito por":"admin","Tempo estimado de leitura":"5 minutos"},"schema":{"@context":"https:\/\/schema.org","@graph":[{"@type":"WebPage","@id":"https:\/\/unicare.pt\/index.php\/2026\/03\/06\/fomo-como-afeta-a-sua-saude-mental\/","url":"https:\/\/unicare.pt\/index.php\/2026\/03\/06\/fomo-como-afeta-a-sua-saude-mental\/","name":"FOMO: O que \u00e9 e como afeta a sua sa\u00fade mental? - Unicare","isPartOf":{"@id":"https:\/\/unicare.pt\/#website"},"datePublished":"2026-03-06T14:15:31+00:00","dateModified":"2026-03-06T14:16:24+00:00","author":{"@id":"https:\/\/unicare.pt\/#\/schema\/person\/a866cf9aad908b0e4071f7e4ef17a145"},"description":"O termo FOMO, cada vez mais presente sobretudo entre jovens e utilizadores ass\u00edduos das redes sociais, \u00e9 uma sigla para Fear Of Missing Out\u2026","breadcrumb":{"@id":"https:\/\/unicare.pt\/index.php\/2026\/03\/06\/fomo-como-afeta-a-sua-saude-mental\/#breadcrumb"},"inLanguage":"pt-PT","potentialAction":[{"@type":"ReadAction","target":["https:\/\/unicare.pt\/index.php\/2026\/03\/06\/fomo-como-afeta-a-sua-saude-mental\/"]}]},{"@type":"BreadcrumbList","@id":"https:\/\/unicare.pt\/index.php\/2026\/03\/06\/fomo-como-afeta-a-sua-saude-mental\/#breadcrumb","itemListElement":[{"@type":"ListItem","position":1,"name":"In\u00edcio","item":"https:\/\/unicare.pt\/"},{"@type":"ListItem","position":2,"name":"FOMO: O que \u00e9 e como afeta a sua sa\u00fade mental?"}]},{"@type":"WebSite","@id":"https:\/\/unicare.pt\/#website","url":"https:\/\/unicare.pt\/","name":"Unicare","description":"","potentialAction":[{"@type":"SearchAction","target":{"@type":"EntryPoint","urlTemplate":"https:\/\/unicare.pt\/?s={search_term_string}"},"query-input":"required name=search_term_string"}],"inLanguage":"pt-PT"},{"@type":"Person","@id":"https:\/\/unicare.pt\/#\/schema\/person\/a866cf9aad908b0e4071f7e4ef17a145","name":"admin","sameAs":["https:\/\/novosite.unicare.pt"],"url":"https:\/\/unicare.pt\/index.php\/author\/admin_o2jpvnld\/"}]}},"_links":{"self":[{"href":"https:\/\/unicare.pt\/index.php\/wp-json\/wp\/v2\/posts\/3894","targetHints":{"allow":["GET"]}}],"collection":[{"href":"https:\/\/unicare.pt\/index.php\/wp-json\/wp\/v2\/posts"}],"about":[{"href":"https:\/\/unicare.pt\/index.php\/wp-json\/wp\/v2\/types\/post"}],"author":[{"embeddable":true,"href":"https:\/\/unicare.pt\/index.php\/wp-json\/wp\/v2\/users\/1"}],"replies":[{"embeddable":true,"href":"https:\/\/unicare.pt\/index.php\/wp-json\/wp\/v2\/comments?post=3894"}],"version-history":[{"count":8,"href":"https:\/\/unicare.pt\/index.php\/wp-json\/wp\/v2\/posts\/3894\/revisions"}],"predecessor-version":[{"id":3909,"href":"https:\/\/unicare.pt\/index.php\/wp-json\/wp\/v2\/posts\/3894\/revisions\/3909"}],"wp:featuredmedia":[{"embeddable":true,"href":"https:\/\/unicare.pt\/index.php\/wp-json\/wp\/v2\/media\/3893"}],"wp:attachment":[{"href":"https:\/\/unicare.pt\/index.php\/wp-json\/wp\/v2\/media?parent=3894"}],"wp:term":[{"taxonomy":"category","embeddable":true,"href":"https:\/\/unicare.pt\/index.php\/wp-json\/wp\/v2\/categories?post=3894"},{"taxonomy":"post_tag","embeddable":true,"href":"https:\/\/unicare.pt\/index.php\/wp-json\/wp\/v2\/tags?post=3894"}],"curies":[{"name":"wp","href":"https:\/\/api.w.org\/{rel}","templated":true}]}}